{"id":57,"count":8,"description":"Najlepsze rozwi\u0105zanie dla Ciebie, planety i dla Twoich klient\u00f3w. U nas sam mo\u017cesz zaprojektowa\u0107 idealny produkt. S\u0142u\u017cymy pomoc\u0105 i stosownymi wskaz\u00f3wkami.\r\n\r\nU nas mo\u017cesz wybra\u0107 bawe\u0142n\u0119 dowolnej grubo\u015bci. Mo\u017ce by\u0107 z certyfikatami GOTS i Fairtrade, klienci w ten spos\u00f3b b\u0119d\u0105 wiedzieli \u017ce dbasz o \u015brodowisko i wspierasz rozw\u00f3j drobnych wytw\u00f3rc\u00f3w.\r\n\r\nChcesz si\u0119 wyr\u00f3\u017cnia\u0107? Pomy\u015bl z nami nad wyj\u0105tkow\u0105 torb\u0105.\r\n\r\nMateria\u0142owa torba termiczna? \u015awietne rozwi\u0105zanie.\r\n\r\nWoreczki materia\u0142owe, kt\u00f3re zast\u0105pi\u0105 zrywki. U nas w dowolnym rozmiarze.\r\n\r\nA mo\u017ce stylowa pary\u017canka?\r\n\r\nDowolny rozmiar, kolor, wielko\u015b\u0107 uszu, rozmiar siatki, nadruk i metka. Wszystko do ustalenia, wed\u0142ug indywidualnych preferencji.\r\n\r\nMasz w\u0105tpliwo\u015bci? Jeste\u015bmy unikatowym partnerem do wsp\u00f3\u0142pracy. Poruszamy si\u0119 w tej bran\u017cy ju\u017c od 1993 roku, stale si\u0119 rozwijamy i znajdujemy nowe, ciekawe mo\u017cliwo\u015bci.\r\n\r\nDla nas nie ma rzeczy niemo\u017cliwych. Dowiedz si\u0119 wi\u0119cej. Zadzwo\u0144.","link":"https:\/\/sale-ostrava.cz\/pl\/kategorie\/torby-materialowe\/","name":"Torby materia\u0142owe","slug":"torby-materialowe","taxonomy":"product-category","parent":56,"meta":[],"acf":[],"yoast_head":"<!-- This site is optimized with the Yoast SEO plugin v27.0 - https:\/\/yoast.com\/product\/yoast-seo-wordpress\/ -->\n<title>Torby materia\u0142owe Archivy - SALE s.r.o.<\/title>\n<meta name=\"description\" content=\"\u2705 Torby bawe\u0142niane na zam\u00f3wienie. I nie tylko. Szeroki wyb\u00f3r materia\u0142\u00f3w. Rozmiar dostosowany do potrzeby. Wsp\u00f3lnie zaprojektujemy idealny produkt.\" \/>\n<meta name=\"robots\" content=\"index, follow, max-snippet:-1, max-image-preview:large, max-video-preview:-1\" \/>\n<link rel=\"canonical\" href=\"https:\/\/sale-ostrava.cz\/pl\/kategorie\/torby-materialowe\/\" \/>\n<meta property=\"og:locale\" content=\"pl_PL\" \/>\n<meta property=\"og:type\" content=\"article\" \/>\n<meta property=\"og:title\" content=\"Torby materia\u0142owe Archivy - SALE s.r.o.\" \/>\n<meta property=\"og:description\" content=\"\u2705 Torby bawe\u0142niane na zam\u00f3wienie. I nie tylko. Szeroki wyb\u00f3r materia\u0142\u00f3w. Rozmiar dostosowany do potrzeby. Wsp\u00f3lnie zaprojektujemy idealny produkt.\" \/>\n<meta property=\"og:url\" content=\"https:\/\/sale-ostrava.cz\/pl\/kategorie\/torby-materialowe\/\" \/>\n<meta property=\"og:site_name\" content=\"SALE s.r.o.\" \/>\n<meta name=\"twitter:card\" content=\"summary_large_image\" \/>\n<script type=\"application\/ld+json\" class=\"yoast-schema-graph\">{\"@context\":\"https:\/\/schema.org\",\"@graph\":[{\"@type\":\"CollectionPage\",\"@id\":\"https:\/\/sale-ostrava.cz\/pl\/kategorie\/torby-materialowe\/\",\"url\":\"https:\/\/sale-ostrava.cz\/pl\/kategorie\/torby-materialowe\/\",\"name\":\"Torby materia\u0142owe Archivy - SALE s.r.o.\",\"isPartOf\":{\"@id\":\"https:\/\/sale-ostrava.cz\/#website\"},\"description\":\"\u2705 Torby bawe\u0142niane na zam\u00f3wienie. I nie tylko. Szeroki wyb\u00f3r materia\u0142\u00f3w. Rozmiar dostosowany do potrzeby. Wsp\u00f3lnie zaprojektujemy idealny produkt.\",\"breadcrumb\":{\"@id\":\"https:\/\/sale-ostrava.cz\/pl\/kategorie\/torby-materialowe\/#breadcrumb\"},\"inLanguage\":\"pl-PL\"},{\"@type\":\"BreadcrumbList\",\"@id\":\"https:\/\/sale-ostrava.cz\/pl\/kategorie\/torby-materialowe\/#breadcrumb\",\"itemListElement\":[{\"@type\":\"ListItem\",\"position\":1,\"name\":\"Strona g\u0142\u00f3wna\",\"item\":\"https:\/\/sale-ostrava.cz\/pl\/\"},{\"@type\":\"ListItem\",\"position\":2,\"name\":\"Torby reklamowe\",\"item\":\"https:\/\/sale-ostrava.cz\/pl\/kategorie\/torby-reklamowe\/\"},{\"@type\":\"ListItem\",\"position\":3,\"name\":\"Torby materia\u0142owe\"}]},{\"@type\":\"WebSite\",\"@id\":\"https:\/\/sale-ostrava.cz\/#website\",\"url\":\"https:\/\/sale-ostrava.cz\/\",\"name\":\"SALE s.r.o.\",\"description\":\"Zak\u00e1zkov\u00e1 v\u00fdroba obal\u016f, ta\u0161ek a reklamn\u00edch p\u0159edm\u011bt\u016f\",\"potentialAction\":[{\"@type\":\"SearchAction\",\"target\":{\"@type\":\"EntryPoint\",\"urlTemplate\":\"https:\/\/sale-ostrava.cz\/?s={search_term_string}\"},\"query-input\":{\"@type\":\"PropertyValueSpecification\",\"valueRequired\":true,\"valueName\":\"search_term_string\"}}],\"inLanguage\":\"pl-PL\"}]}<\/script>\n<!-- \/ Yoast SEO plugin. -->","yoast_head_json":{"title":"Torby materia\u0142owe Archivy - SALE s.r.o.","description":"\u2705 Torby bawe\u0142niane na zam\u00f3wienie. I nie tylko. Szeroki wyb\u00f3r materia\u0142\u00f3w. Rozmiar dostosowany do potrzeby. Wsp\u00f3lnie zaprojektujemy idealny produkt.","robots":{"index":"index","follow":"follow","max-snippet":"max-snippet:-1","max-image-preview":"max-image-preview:large","max-video-preview":"max-video-preview:-1"},"canonical":"https:\/\/sale-ostrava.cz\/pl\/kategorie\/torby-materialowe\/","og_locale":"pl_PL","og_type":"article","og_title":"Torby materia\u0142owe Archivy - SALE s.r.o.","og_description":"\u2705 Torby bawe\u0142niane na zam\u00f3wienie. I nie tylko. Szeroki wyb\u00f3r materia\u0142\u00f3w. Rozmiar dostosowany do potrzeby. Wsp\u00f3lnie zaprojektujemy idealny produkt.","og_url":"https:\/\/sale-ostrava.cz\/pl\/kategorie\/torby-materialowe\/","og_site_name":"SALE s.r.o.","twitter_card":"summary_large_image","schema":{"@context":"https:\/\/schema.org","@graph":[{"@type":"CollectionPage","@id":"https:\/\/sale-ostrava.cz\/pl\/kategorie\/torby-materialowe\/","url":"https:\/\/sale-ostrava.cz\/pl\/kategorie\/torby-materialowe\/","name":"Torby materia\u0142owe Archivy - SALE s.r.o.","isPartOf":{"@id":"https:\/\/sale-ostrava.cz\/#website"},"description":"\u2705 Torby bawe\u0142niane na zam\u00f3wienie. I nie tylko. Szeroki wyb\u00f3r materia\u0142\u00f3w. Rozmiar dostosowany do potrzeby. Wsp\u00f3lnie zaprojektujemy idealny produkt.","breadcrumb":{"@id":"https:\/\/sale-ostrava.cz\/pl\/kategorie\/torby-materialowe\/#breadcrumb"},"inLanguage":"pl-PL"},{"@type":"BreadcrumbList","@id":"https:\/\/sale-ostrava.cz\/pl\/kategorie\/torby-materialowe\/#breadcrumb","itemListElement":[{"@type":"ListItem","position":1,"name":"Strona g\u0142\u00f3wna","item":"https:\/\/sale-ostrava.cz\/pl\/"},{"@type":"ListItem","position":2,"name":"Torby reklamowe","item":"https:\/\/sale-ostrava.cz\/pl\/kategorie\/torby-reklamowe\/"},{"@type":"ListItem","position":3,"name":"Torby materia\u0142owe"}]},{"@type":"WebSite","@id":"https:\/\/sale-ostrava.cz\/#website","url":"https:\/\/sale-ostrava.cz\/","name":"SALE s.r.o.","description":"Zak\u00e1zkov\u00e1 v\u00fdroba obal\u016f, ta\u0161ek a reklamn\u00edch p\u0159edm\u011bt\u016f","potentialAction":[{"@type":"SearchAction","target":{"@type":"EntryPoint","urlTemplate":"https:\/\/sale-ostrava.cz\/?s={search_term_string}"},"query-input":{"@type":"PropertyValueSpecification","valueRequired":true,"valueName":"search_term_string"}}],"inLanguage":"pl-PL"}]}},"_links":{"self":[{"href":"https:\/\/sale-ostrava.cz\/pl\/wp-json\/wp\/v2\/product-category\/57","targetHints":{"allow":["GET"]}}],"collection":[{"href":"https:\/\/sale-ostrava.cz\/pl\/wp-json\/wp\/v2\/product-category"}],"about":[{"href":"https:\/\/sale-ostrava.cz\/pl\/wp-json\/wp\/v2\/taxonomies\/product-category"}],"up":[{"embeddable":true,"href":"https:\/\/sale-ostrava.cz\/pl\/wp-json\/wp\/v2\/product-category\/56"}]}}