{"id":63,"count":19,"description":"Na\u0161imi ekologick\u00fdmi, l\u00e1tkov\u00fdmi ta\u0161kami a obaly ud\u011bl\u00e1te radost va\u0161im z\u00e1kazn\u00edk\u016fm i \u017eivotn\u00edmu prost\u0159ed\u00ed.\r\n\r\nZ\u00edsk\u00e1te tak unik\u00e1tn\u00ed produkt pro um\u00edst\u011bn\u00ed loga va\u0161\u00ed firmy a pot\u011b\u0161en\u00ed z jeho praktick\u00e9ho vyu\u017eit\u00ed. V\u0161estrann\u00e1 spokojenost je na\u0161e specialita a s t\u00edmto reklamn\u00edm p\u0159edm\u011btem se j\u00ed dosahuje lehce.","link":"https:\/\/sale-ostrava.cz\/de\/kategorie\/oekologische-taschen-und-verpackungen\/","name":"\u00d6ko Taschen und Verpackungen","slug":"oekologische-taschen-und-verpackungen","taxonomy":"product-category","parent":0,"meta":[],"acf":[],"yoast_head":"<!-- This site is optimized with the Yoast SEO plugin v27.0 - https:\/\/yoast.com\/product\/yoast-seo-wordpress\/ -->\n<title>\u00d6ko Taschen und Verpackungen Archivy - SALE s.r.o.<\/title>\n<meta name=\"robots\" content=\"index, follow, max-snippet:-1, max-image-preview:large, max-video-preview:-1\" \/>\n<link rel=\"canonical\" href=\"https:\/\/sale-ostrava.cz\/de\/kategorie\/oekologische-taschen-und-verpackungen\/\" \/>\n<meta property=\"og:locale\" content=\"de_DE\" \/>\n<meta property=\"og:type\" content=\"article\" \/>\n<meta property=\"og:title\" content=\"\u00d6ko Taschen und Verpackungen Archivy - SALE s.r.o.\" \/>\n<meta property=\"og:description\" content=\"Na\u0161imi ekologick\u00fdmi, l\u00e1tkov\u00fdmi ta\u0161kami a obaly ud\u011bl\u00e1te radost va\u0161im z\u00e1kazn\u00edk\u016fm i \u017eivotn\u00edmu prost\u0159ed\u00ed. Z\u00edsk\u00e1te tak unik\u00e1tn\u00ed produkt pro um\u00edst\u011bn\u00ed loga va\u0161\u00ed firmy a pot\u011b\u0161en\u00ed z jeho praktick\u00e9ho vyu\u017eit\u00ed. V\u0161estrann\u00e1 spokojenost je na\u0161e specialita a s t\u00edmto reklamn\u00edm p\u0159edm\u011btem se j\u00ed dosahuje lehce.\" \/>\n<meta property=\"og:url\" content=\"https:\/\/sale-ostrava.cz\/de\/kategorie\/oekologische-taschen-und-verpackungen\/\" \/>\n<meta property=\"og:site_name\" content=\"SALE s.r.o.\" \/>\n<meta name=\"twitter:card\" content=\"summary_large_image\" \/>\n<script type=\"application\/ld+json\" class=\"yoast-schema-graph\">{\"@context\":\"https:\/\/schema.org\",\"@graph\":[{\"@type\":\"CollectionPage\",\"@id\":\"https:\/\/sale-ostrava.cz\/de\/kategorie\/oekologische-taschen-und-verpackungen\/\",\"url\":\"https:\/\/sale-ostrava.cz\/de\/kategorie\/oekologische-taschen-und-verpackungen\/\",\"name\":\"\u00d6ko Taschen und Verpackungen Archivy - SALE s.r.o.\",\"isPartOf\":{\"@id\":\"https:\/\/sale-ostrava.cz\/#website\"},\"breadcrumb\":{\"@id\":\"https:\/\/sale-ostrava.cz\/de\/kategorie\/oekologische-taschen-und-verpackungen\/#breadcrumb\"},\"inLanguage\":\"de\"},{\"@type\":\"BreadcrumbList\",\"@id\":\"https:\/\/sale-ostrava.cz\/de\/kategorie\/oekologische-taschen-und-verpackungen\/#breadcrumb\",\"itemListElement\":[{\"@type\":\"ListItem\",\"position\":1,\"name\":\"Dom\u016f\",\"item\":\"https:\/\/sale-ostrava.cz\/de\/\"},{\"@type\":\"ListItem\",\"position\":2,\"name\":\"\u00d6ko Taschen und Verpackungen\"}]},{\"@type\":\"WebSite\",\"@id\":\"https:\/\/sale-ostrava.cz\/#website\",\"url\":\"https:\/\/sale-ostrava.cz\/\",\"name\":\"SALE s.r.o.\",\"description\":\"Zak\u00e1zkov\u00e1 v\u00fdroba obal\u016f, ta\u0161ek a reklamn\u00edch p\u0159edm\u011bt\u016f\",\"potentialAction\":[{\"@type\":\"SearchAction\",\"target\":{\"@type\":\"EntryPoint\",\"urlTemplate\":\"https:\/\/sale-ostrava.cz\/?s={search_term_string}\"},\"query-input\":{\"@type\":\"PropertyValueSpecification\",\"valueRequired\":true,\"valueName\":\"search_term_string\"}}],\"inLanguage\":\"de\"}]}<\/script>\n<!-- \/ Yoast SEO plugin. -->","yoast_head_json":{"title":"\u00d6ko Taschen und Verpackungen Archivy - SALE s.r.o.","robots":{"index":"index","follow":"follow","max-snippet":"max-snippet:-1","max-image-preview":"max-image-preview:large","max-video-preview":"max-video-preview:-1"},"canonical":"https:\/\/sale-ostrava.cz\/de\/kategorie\/oekologische-taschen-und-verpackungen\/","og_locale":"de_DE","og_type":"article","og_title":"\u00d6ko Taschen und Verpackungen Archivy - SALE s.r.o.","og_description":"Na\u0161imi ekologick\u00fdmi, l\u00e1tkov\u00fdmi ta\u0161kami a obaly ud\u011bl\u00e1te radost va\u0161im z\u00e1kazn\u00edk\u016fm i \u017eivotn\u00edmu prost\u0159ed\u00ed. Z\u00edsk\u00e1te tak unik\u00e1tn\u00ed produkt pro um\u00edst\u011bn\u00ed loga va\u0161\u00ed firmy a pot\u011b\u0161en\u00ed z jeho praktick\u00e9ho vyu\u017eit\u00ed. V\u0161estrann\u00e1 spokojenost je na\u0161e specialita a s t\u00edmto reklamn\u00edm p\u0159edm\u011btem se j\u00ed dosahuje lehce.","og_url":"https:\/\/sale-ostrava.cz\/de\/kategorie\/oekologische-taschen-und-verpackungen\/","og_site_name":"SALE s.r.o.","twitter_card":"summary_large_image","schema":{"@context":"https:\/\/schema.org","@graph":[{"@type":"CollectionPage","@id":"https:\/\/sale-ostrava.cz\/de\/kategorie\/oekologische-taschen-und-verpackungen\/","url":"https:\/\/sale-ostrava.cz\/de\/kategorie\/oekologische-taschen-und-verpackungen\/","name":"\u00d6ko Taschen und Verpackungen Archivy - SALE s.r.o.","isPartOf":{"@id":"https:\/\/sale-ostrava.cz\/#website"},"breadcrumb":{"@id":"https:\/\/sale-ostrava.cz\/de\/kategorie\/oekologische-taschen-und-verpackungen\/#breadcrumb"},"inLanguage":"de"},{"@type":"BreadcrumbList","@id":"https:\/\/sale-ostrava.cz\/de\/kategorie\/oekologische-taschen-und-verpackungen\/#breadcrumb","itemListElement":[{"@type":"ListItem","position":1,"name":"Dom\u016f","item":"https:\/\/sale-ostrava.cz\/de\/"},{"@type":"ListItem","position":2,"name":"\u00d6ko Taschen und Verpackungen"}]},{"@type":"WebSite","@id":"https:\/\/sale-ostrava.cz\/#website","url":"https:\/\/sale-ostrava.cz\/","name":"SALE s.r.o.","description":"Zak\u00e1zkov\u00e1 v\u00fdroba obal\u016f, ta\u0161ek a reklamn\u00edch p\u0159edm\u011bt\u016f","potentialAction":[{"@type":"SearchAction","target":{"@type":"EntryPoint","urlTemplate":"https:\/\/sale-ostrava.cz\/?s={search_term_string}"},"query-input":{"@type":"PropertyValueSpecification","valueRequired":true,"valueName":"search_term_string"}}],"inLanguage":"de"}]}},"_links":{"self":[{"href":"https:\/\/sale-ostrava.cz\/de\/wp-json\/wp\/v2\/product-category\/63","targetHints":{"allow":["GET"]}}],"collection":[{"href":"https:\/\/sale-ostrava.cz\/de\/wp-json\/wp\/v2\/product-category"}],"about":[{"href":"https:\/\/sale-ostrava.cz\/de\/wp-json\/wp\/v2\/taxonomies\/product-category"}]}}